{"id":6423,"date":"2022-01-11T13:57:57","date_gmt":"2022-01-11T11:57:57","guid":{"rendered":"https:\/\/www.editionfredebold.de\/?p=6423"},"modified":"2022-01-20T12:41:17","modified_gmt":"2022-01-20T10:41:17","slug":"hilde-kuhn","status":"publish","type":"post","link":"https:\/\/www.editionfredebold.de\/index.php\/hilde-kuhn\/","title":{"rendered":"Hilde Kuhn"},"content":{"rendered":"\t\t<div data-elementor-type=\"wp-post\" data-elementor-id=\"6423\" class=\"elementor elementor-6423\" data-elementor-post-type=\"post\">\n\t\t\t\t\t\t<section class=\"elementor-section elementor-top-section elementor-element elementor-element-eab73ab elementor-section-boxed elementor-section-height-default elementor-section-height-default\" data-id=\"eab73ab\" data-element_type=\"section\" data-e-type=\"section\">\n\t\t\t\t\t\t<div class=\"elementor-container elementor-column-gap-default\">\n\t\t\t\t\t<div class=\"elementor-column elementor-col-100 elementor-top-column elementor-element elementor-element-4bb4d300\" data-id=\"4bb4d300\" data-element_type=\"column\" data-e-type=\"column\">\n\t\t\t<div class=\"elementor-widget-wrap elementor-element-populated\">\n\t\t\t\t\t\t<div class=\"elementor-element elementor-element-2a6955ad elementor-widget elementor-widget-text-editor\" data-id=\"2a6955ad\" data-element_type=\"widget\" data-e-type=\"widget\" data-widget_type=\"text-editor.default\">\n\t\t\t\t<div class=\"elementor-widget-container\">\n\t\t\t\t\t\t\t\t\t\n<figure class=\"wp-block-image size-full\"><img fetchpriority=\"high\" decoding=\"async\" width=\"193\" height=\"284\" src=\"https:\/\/www.editionfredebold.de\/wp-content\/uploads\/2012\/12\/3b264663db.jpg\" alt=\"\" class=\"wp-image-2626\"\/><\/figure>\n\n\n\n<p><strong>Hilde Kuhn<\/strong>&nbsp;wurde in der Rubensstadt Siegen im Forsthaus Eremitage geboren.<\/p>\n\n\n\n<p><br>Als sechstes von sieben Kindern, erlebte sie eine anthroposophische Erziehung (B\u00fccher, Malen, Hausmusik).<br>Die Familie pflegte den Umgang mit Malern und Schriftstellern.<br><br>Die Eltern bestanden auf einer soliden Ausbildung zur Erzieherin. Als junges M\u00e4dchen bereiste Hilde Kuhn Italien, Frankreich und Spanien, wo sie sich jungen Malern anschloss. Hilde Kuhn lebte zehn Jahre im Orient und unterrichtete in Saudi-Arabien, im Irak, in Jordanien und Nordafrika Kunst an deutschen Schulen. Sie war Mitherausgeberin von verschiedenen deutschen Zeitungen, die sie auch illustrierte.<br><br>Zur\u00fcck in Europa arbeitete sie f\u00fcr das FAZ Magazin in Frankfurt im Marketing.<br><br>Sie lebte danach mehrere Jahre in Berlin, arbeitete im Bereich Marketing f\u00fcr einen gro\u00dfen deutschen privaten Fernsehsender. In Deutschland wird Hilde Kuhn auf ihrem k\u00fcnstlerischen Weg von Jost Funke, Professor f\u00fcr Bildende Kunst und Kunstgeschichte, begleitet.<br><br>Acrylfarben von Hilde Kuhn mit der Flasche direkt auf die Leinwand getragen nennt Jost Funke \u201eLyrische Abstraktionen\u201c. Im Oktober 2007 erschien der Roman: \u201cMein anderer Sohn\u201c.<br><br>Die Autorin beschreibt anr\u00fchrend, aber auch n\u00fcchtern, die problematische Geschichte ihres Pflegesohns David.<br>Inzwischen leitet Hilde Kuhn die Filmproduktionsfirma \u201eFilmt\u00f6chter\u201c. <br>Hilde Kuhn lebt in Hessen und ist Mutter von zwei S\u00f6hnen und einer Tochter.<br><\/p>\n\t\t\t\t\t\t\t\t<\/div>\n\t\t\t\t<\/div>\n\t\t\t\t\t<\/div>\n\t\t<\/div>\n\t\t\t\t\t<\/div>\n\t\t<\/section>\n\t\t\t\t<section class=\"elementor-section elementor-top-section elementor-element elementor-element-fb4444d elementor-section-boxed elementor-section-height-default elementor-section-height-default\" data-id=\"fb4444d\" data-element_type=\"section\" data-e-type=\"section\">\n\t\t\t\t\t\t<div class=\"elementor-container elementor-column-gap-default\">\n\t\t\t\t\t<div class=\"elementor-column elementor-col-100 elementor-top-column elementor-element elementor-element-96d27aa\" data-id=\"96d27aa\" data-element_type=\"column\" data-e-type=\"column\">\n\t\t\t<div class=\"elementor-widget-wrap\">\n\t\t\t\t\t\t\t<\/div>\n\t\t<\/div>\n\t\t\t\t\t<\/div>\n\t\t<\/section>\n\t\t\t\t<section class=\"elementor-section elementor-top-section elementor-element elementor-element-6741103 elementor-section-boxed elementor-section-height-default elementor-section-height-default\" data-id=\"6741103\" data-element_type=\"section\" data-e-type=\"section\">\n\t\t\t\t\t\t<div class=\"elementor-container elementor-column-gap-default\">\n\t\t\t\t\t<div class=\"elementor-column elementor-col-100 elementor-top-column elementor-element elementor-element-e0421a0\" data-id=\"e0421a0\" data-element_type=\"column\" data-e-type=\"column\">\n\t\t\t<div class=\"elementor-widget-wrap elementor-element-populated\">\n\t\t\t\t\t\t<div class=\"elementor-element elementor-element-fa6112f elementor-widget elementor-widget-heading\" data-id=\"fa6112f\" data-element_type=\"widget\" data-e-type=\"widget\" data-widget_type=\"heading.default\">\n\t\t\t\t<div class=\"elementor-widget-container\">\n\t\t\t\t\t<h2 class=\"elementor-heading-title elementor-size-default\">B\u00fccher der Autorin:<\/h2>\t\t\t\t<\/div>\n\t\t\t\t<\/div>\n\t\t\t\t\t<\/div>\n\t\t<\/div>\n\t\t\t\t\t<\/div>\n\t\t<\/section>\n\t\t\t\t<section class=\"elementor-section elementor-top-section elementor-element elementor-element-fefb07b elementor-section-boxed elementor-section-height-default elementor-section-height-default\" data-id=\"fefb07b\" data-element_type=\"section\" data-e-type=\"section\">\n\t\t\t\t\t\t<div class=\"elementor-container elementor-column-gap-default\">\n\t\t\t\t\t<div class=\"elementor-column elementor-col-33 elementor-top-column elementor-element elementor-element-acdc671\" data-id=\"acdc671\" data-element_type=\"column\" data-e-type=\"column\">\n\t\t\t<div class=\"elementor-widget-wrap elementor-element-populated\">\n\t\t\t\t\t\t<div class=\"elementor-element elementor-element-8559d7a elementor-grid-2 elementor-grid-tablet-3 elementor-grid-mobile-2 elementor-products-grid elementor-wc-products elementor-widget elementor-widget-woocommerce-products\" data-id=\"8559d7a\" data-element_type=\"widget\" data-e-type=\"widget\" data-widget_type=\"woocommerce-products.default\">\n\t\t\t\t<div class=\"elementor-widget-container\">\n\t\t\t\t\t<div class=\"woocommerce columns-2 \"><ul class=\"products elementor-grid columns-2\">\n<li class=\"product type-product post-6445 status-publish first instock product_cat-ebook has-post-thumbnail downloadable virtual taxable purchasable product-type-simple\">\n\t<a href=\"https:\/\/www.editionfredebold.de\/index.php\/produkt\/mein-anderer-sohn\/\" class=\"woocommerce-LoopProduct-link woocommerce-loop-product__link\"><img decoding=\"async\" width=\"300\" height=\"450\" src=\"https:\/\/www.editionfredebold.de\/wp-content\/uploads\/2013\/11\/kuhn_anderer_sohn-300x450.jpg\" class=\"attachment-woocommerce_thumbnail size-woocommerce_thumbnail\" alt=\"Mein anderer Sohn - eBook\" \/><h2 class=\"woocommerce-loop-product__title\">Mein anderer Sohn &#8211; eBook<\/h2>\n\t<span class=\"price\"><span class=\"woocommerce-Price-amount amount\"><bdi>2,99&nbsp;<span class=\"woocommerce-Price-currencySymbol\">&euro;<\/span><\/bdi><\/span><\/span>\n<\/a><a href=\"\/index.php\/wp-json\/wp\/v2\/posts\/6423?add-to-cart=6445\" aria-describedby=\"woocommerce_loop_add_to_cart_link_describedby_6445\" data-quantity=\"1\" class=\"button product_type_simple add_to_cart_button ajax_add_to_cart\" data-product_id=\"6445\" data-product_sku=\"978-3-939674-79-5\" aria-label=\"In den Warenkorb legen: \u201eMein anderer Sohn - eBook\u201c\" rel=\"nofollow\" data-success_message=\"\u201eMein anderer Sohn - eBook\u201c wurde deinem Warenkorb hinzugef\u00fcgt\" role=\"button\">In den Warenkorb<\/a>\t<span id=\"woocommerce_loop_add_to_cart_link_describedby_6445\" class=\"screen-reader-text\">\n\t\t\t<\/span>\n<\/li>\n<\/ul>\n<\/div>\t\t\t\t<\/div>\n\t\t\t\t<\/div>\n\t\t\t\t\t<\/div>\n\t\t<\/div>\n\t\t\t\t<div class=\"elementor-column elementor-col-33 elementor-top-column elementor-element elementor-element-710f76b\" data-id=\"710f76b\" data-element_type=\"column\" data-e-type=\"column\">\n\t\t\t<div class=\"elementor-widget-wrap\">\n\t\t\t\t\t\t\t<\/div>\n\t\t<\/div>\n\t\t\t\t<div class=\"elementor-column elementor-col-33 elementor-top-column elementor-element elementor-element-7e93331\" data-id=\"7e93331\" data-element_type=\"column\" data-e-type=\"column\">\n\t\t\t<div class=\"elementor-widget-wrap\">\n\t\t\t\t\t\t\t<\/div>\n\t\t<\/div>\n\t\t\t\t\t<\/div>\n\t\t<\/section>\n\t\t\t\t<\/div>\n\t\t","protected":false},"excerpt":{"rendered":"<p>Hilde Kuhn&nbsp;wurde in der Rubensstadt Siegen im Forsthaus Eremitage geboren. Als sechstes von sieben Kindern, erlebte sie eine anthroposophische Erziehung (B\u00fccher, Malen, Hausmusik).Die Familie pflegte den Umgang mit Malern und Schriftstellern. Die Eltern bestanden auf einer soliden Ausbildung zur Erzieherin. Als junges M\u00e4dchen bereiste Hilde Kuhn Italien, Frankreich und Spanien, wo sie sich jungen Malern [&hellip;]<\/p>\n","protected":false},"author":12,"featured_media":0,"comment_status":"closed","ping_status":"closed","sticky":false,"template":"","format":"standard","meta":{"footnotes":""},"categories":[173],"tags":[],"class_list":["post-6423","post","type-post","status-publish","format-standard","hentry","category-autor"],"_links":{"self":[{"href":"https:\/\/www.editionfredebold.de\/index.php\/wp-json\/wp\/v2\/posts\/6423","targetHints":{"allow":["GET"]}}],"collection":[{"href":"https:\/\/www.editionfredebold.de\/index.php\/wp-json\/wp\/v2\/posts"}],"about":[{"href":"https:\/\/www.editionfredebold.de\/index.php\/wp-json\/wp\/v2\/types\/post"}],"author":[{"embeddable":true,"href":"https:\/\/www.editionfredebold.de\/index.php\/wp-json\/wp\/v2\/users\/12"}],"replies":[{"embeddable":true,"href":"https:\/\/www.editionfredebold.de\/index.php\/wp-json\/wp\/v2\/comments?post=6423"}],"version-history":[{"count":11,"href":"https:\/\/www.editionfredebold.de\/index.php\/wp-json\/wp\/v2\/posts\/6423\/revisions"}],"predecessor-version":[{"id":6838,"href":"https:\/\/www.editionfredebold.de\/index.php\/wp-json\/wp\/v2\/posts\/6423\/revisions\/6838"}],"wp:attachment":[{"href":"https:\/\/www.editionfredebold.de\/index.php\/wp-json\/wp\/v2\/media?parent=6423"}],"wp:term":[{"taxonomy":"category","embeddable":true,"href":"https:\/\/www.editionfredebold.de\/index.php\/wp-json\/wp\/v2\/categories?post=6423"},{"taxonomy":"post_tag","embeddable":true,"href":"https:\/\/www.editionfredebold.de\/index.php\/wp-json\/wp\/v2\/tags?post=6423"}],"curies":[{"name":"wp","href":"https:\/\/api.w.org\/{rel}","templated":true}]}}